{"id":687,"date":"2017-08-26T17:29:59","date_gmt":"2017-08-26T17:29:59","guid":{"rendered":"http:\/\/bilica.org.br\/?p=687"},"modified":"2017-10-21T15:42:10","modified_gmt":"2017-10-21T15:42:10","slug":"bilica-leva-contacao-de-historias-para-escola","status":"publish","type":"post","link":"https:\/\/bilica.org.br\/?p=687","title":{"rendered":"BILICA leva conta\u00e7\u00e3o de hist\u00f3rias para escola"},"content":{"rendered":"<p>&nbsp;<\/p>\n<p><img loading=\"lazy\" decoding=\"async\" class=\"alignnone size-full wp-image-688\" src=\"http:\/\/bilica.org.br\/wp-content\/uploads\/2017\/08\/viramundohist\u00f3rias-do-mundo-todo.jpg\" alt=\"\" width=\"1588\" height=\"2246\" srcset=\"https:\/\/bilica.org.br\/wp-content\/uploads\/2017\/08\/viramundohist\u00f3rias-do-mundo-todo.jpg 1588w, https:\/\/bilica.org.br\/wp-content\/uploads\/2017\/08\/viramundohist\u00f3rias-do-mundo-todo-212x300.jpg 212w, https:\/\/bilica.org.br\/wp-content\/uploads\/2017\/08\/viramundohist\u00f3rias-do-mundo-todo-768x1086.jpg 768w, https:\/\/bilica.org.br\/wp-content\/uploads\/2017\/08\/viramundohist\u00f3rias-do-mundo-todo-724x1024.jpg 724w\" sizes=\"auto, (max-width: 1588px) 100vw, 1588px\" \/><\/p>\n<div>\n<p>Na pr\u00f3xima quarta-feira, dia 30\/08, a BILICA estar\u00e1 levando \u00e0 Escola Janu\u00e1ria Teixeira da Rocha no Campeche o projeto de literatura e conta\u00e7\u00f5es de hist\u00f3ria\u00a0<strong>VIRAMUNDO &#8211; Hist\u00f3rias do Mundo Todo,\u00a0<\/strong>de Leomir Bruch<strong>.\u00a0<\/strong><\/p>\n<p>As duas sess\u00f5es do\u00a0trabalho\u00a0<b>&#8220;Hist\u00f3rias da Nossa Gente&#8221;\u00a0<\/b>ir\u00e1 contemplar todxs xs estudantes da escola, com o objetivo\u00a0de dialogar e aproximar a Biblioteca Livre do Campeche das\u00a0crian\u00e7as e adolescentes da comunidade.<\/p>\n<p><strong>Esta atividade faz parte do Projeto de Extens\u00e3o Ceart\/UDESC N\u00facleos Comunit\u00e1rios de Cultura, ano 8.<\/strong><\/p>\n<\/div>\n","protected":false},"excerpt":{"rendered":"<p>&nbsp; Na pr\u00f3xima quarta-feira, dia 30\/08, a BILICA estar\u00e1 levando \u00e0 Escola Janu\u00e1ria Teixeira da Rocha no Campeche o projeto de literatura e conta\u00e7\u00f5es de hist\u00f3ria\u00a0VIRAMUNDO &#8211; Hist\u00f3rias do Mundo Todo,\u00a0de Leomir Bruch.\u00a0 As duas sess\u00f5es do\u00a0trabalho\u00a0&#8220;Hist\u00f3rias da Nossa Gente&#8221;\u00a0ir\u00e1 contemplar todxs xs estudantes da escola, com o objetivo\u00a0de dialogar e aproximar a Biblioteca Livre &hellip; <a href=\"https:\/\/bilica.org.br\/?p=687\" class=\"more-link\">Continue lendo <span class=\"screen-reader-text\">BILICA leva conta\u00e7\u00e3o de hist\u00f3rias para escola<\/span> <span class=\"meta-nav\">&rarr;<\/span><\/a><\/p>\n","protected":false},"author":101011,"featured_media":0,"comment_status":"closed","ping_status":"open","sticky":false,"template":"","format":"aside","meta":{"footnotes":""},"categories":[1],"tags":[],"class_list":["post-687","post","type-post","status-publish","format-aside","hentry","category-sem-categoria","post_format-post-format-aside"],"_links":{"self":[{"href":"https:\/\/bilica.org.br\/index.php?rest_route=\/wp\/v2\/posts\/687","targetHints":{"allow":["GET"]}}],"collection":[{"href":"https:\/\/bilica.org.br\/index.php?rest_route=\/wp\/v2\/posts"}],"about":[{"href":"https:\/\/bilica.org.br\/index.php?rest_route=\/wp\/v2\/types\/post"}],"author":[{"embeddable":true,"href":"https:\/\/bilica.org.br\/index.php?rest_route=\/wp\/v2\/users\/101011"}],"replies":[{"embeddable":true,"href":"https:\/\/bilica.org.br\/index.php?rest_route=%2Fwp%2Fv2%2Fcomments&post=687"}],"version-history":[{"count":7,"href":"https:\/\/bilica.org.br\/index.php?rest_route=\/wp\/v2\/posts\/687\/revisions"}],"predecessor-version":[{"id":911,"href":"https:\/\/bilica.org.br\/index.php?rest_route=\/wp\/v2\/posts\/687\/revisions\/911"}],"wp:attachment":[{"href":"https:\/\/bilica.org.br\/index.php?rest_route=%2Fwp%2Fv2%2Fmedia&parent=687"}],"wp:term":[{"taxonomy":"category","embeddable":true,"href":"https:\/\/bilica.org.br\/index.php?rest_route=%2Fwp%2Fv2%2Fcategories&post=687"},{"taxonomy":"post_tag","embeddable":true,"href":"https:\/\/bilica.org.br\/index.php?rest_route=%2Fwp%2Fv2%2Ftags&post=687"}],"curies":[{"name":"wp","href":"https:\/\/api.w.org\/{rel}","templated":true}]}}