{"id":647,"date":"2017-03-16T15:22:52","date_gmt":"2017-03-16T15:22:52","guid":{"rendered":"http:\/\/bilica.org.br\/?p=647"},"modified":"2017-03-16T15:26:06","modified_gmt":"2017-03-16T15:26:06","slug":"oficina-de-teatro-2017-tem-inicio-na-bilica","status":"publish","type":"post","link":"https:\/\/bilica.org.br\/?p=647","title":{"rendered":"Oficina de teatro 2017 tem in\u00edcio na Bilica"},"content":{"rendered":"<p><img loading=\"lazy\" decoding=\"async\" class=\" wp-image-649 aligncenter\" src=\"http:\/\/bilica.org.br\/wp-content\/uploads\/2017\/03\/picasion.com_eb2bb2a41390e379b3d51f07885ff97a.gif\" alt=\"\" width=\"455\" height=\"256\" \/><\/p>\n<p>Teve in\u00edcio nesta semana na Bilica &#8211; Biblioteca Livre do Campeche a oficina de teatro para crian\u00e7as. Os encontros ir\u00e3o acontecer todas as ter\u00e7as-feiras, das 15h \u00e0s 17h com a participa\u00e7\u00e3o de crian\u00e7as entre 6 e 12 anos.<br \/>\nNo primeiro dia as arte-educadoras Juliana Freitas e Rena Costa conduziram brincadeiras e jogos teatrais a fim de integrar o grupo. Visto que h\u00e1 crian\u00e7as que j\u00e1 faziam parte do projeto no ano passado, e outras que est\u00e3o fazendo teatro pela primeira vez.<br \/>\nAs oficinas s\u00e3o gratuitas e fazem parte do Projeto de Extens\u00e3o do Centro de Artes da UDESC, N\u00facleos Comunit\u00e1rios de Cultura, sob coordena\u00e7\u00e3o da professora Tereza Franzoni.<\/p>\n<p>Ao longo do ano ser\u00e3o publicadas aqui no blog as atividades realizadas na oficina.\u00a0Aguardem!<\/p>\n","protected":false},"excerpt":{"rendered":"<p>Teve in\u00edcio nesta semana na Bilica &#8211; Biblioteca Livre do Campeche a oficina de teatro para crian\u00e7as. Os encontros ir\u00e3o acontecer todas as ter\u00e7as-feiras, das 15h \u00e0s 17h com a participa\u00e7\u00e3o de crian\u00e7as entre 6 e 12 anos. No primeiro dia as arte-educadoras Juliana Freitas e Rena Costa conduziram brincadeiras e jogos teatrais a fim &hellip; <a href=\"https:\/\/bilica.org.br\/?p=647\" class=\"more-link\">Continue lendo <span class=\"screen-reader-text\">Oficina de teatro 2017 tem in\u00edcio na Bilica<\/span> <span class=\"meta-nav\">&rarr;<\/span><\/a><\/p>\n","protected":false},"author":101011,"featured_media":0,"comment_status":"open","ping_status":"open","sticky":false,"template":"","format":"standard","meta":{"footnotes":""},"categories":[1],"tags":[],"class_list":["post-647","post","type-post","status-publish","format-standard","hentry","category-sem-categoria"],"_links":{"self":[{"href":"https:\/\/bilica.org.br\/index.php?rest_route=\/wp\/v2\/posts\/647","targetHints":{"allow":["GET"]}}],"collection":[{"href":"https:\/\/bilica.org.br\/index.php?rest_route=\/wp\/v2\/posts"}],"about":[{"href":"https:\/\/bilica.org.br\/index.php?rest_route=\/wp\/v2\/types\/post"}],"author":[{"embeddable":true,"href":"https:\/\/bilica.org.br\/index.php?rest_route=\/wp\/v2\/users\/101011"}],"replies":[{"embeddable":true,"href":"https:\/\/bilica.org.br\/index.php?rest_route=%2Fwp%2Fv2%2Fcomments&post=647"}],"version-history":[{"count":4,"href":"https:\/\/bilica.org.br\/index.php?rest_route=\/wp\/v2\/posts\/647\/revisions"}],"predecessor-version":[{"id":652,"href":"https:\/\/bilica.org.br\/index.php?rest_route=\/wp\/v2\/posts\/647\/revisions\/652"}],"wp:attachment":[{"href":"https:\/\/bilica.org.br\/index.php?rest_route=%2Fwp%2Fv2%2Fmedia&parent=647"}],"wp:term":[{"taxonomy":"category","embeddable":true,"href":"https:\/\/bilica.org.br\/index.php?rest_route=%2Fwp%2Fv2%2Fcategories&post=647"},{"taxonomy":"post_tag","embeddable":true,"href":"https:\/\/bilica.org.br\/index.php?rest_route=%2Fwp%2Fv2%2Ftags&post=647"}],"curies":[{"name":"wp","href":"https:\/\/api.w.org\/{rel}","templated":true}]}}