{"id":533,"date":"2015-09-17T20:54:25","date_gmt":"2015-09-17T20:54:25","guid":{"rendered":"http:\/\/bilica.org.br\/?p=533"},"modified":"2015-09-17T20:54:25","modified_gmt":"2015-09-17T20:54:25","slug":"aniversario-da-bilica","status":"publish","type":"post","link":"https:\/\/bilica.org.br\/?p=533","title":{"rendered":"Anivers\u00e1rio da Bilica!"},"content":{"rendered":"<p style=\"text-align: center;\">\n<p style=\"text-align: center;\">\n<p style=\"text-align: center;\">\n<p style=\"text-align: center;\">\n<p>Anivers\u00e1rio da Biblioteca Livre do Campeche<\/p>\n<p style=\"text-align: center;\">\n<p>Neste s\u00e1bado dia 19 de setembro!<\/p>\n<p style=\"text-align: center;\">\n<p>A partir das 16 horas.<\/p>\n<p style=\"text-align: center;\">\n<p>&nbsp;<\/p>\n<p style=\"text-align: center;\">\n<p>Vai ter muita divers\u00e3o!<\/p>\n<p style=\"text-align: center;\">\n<p>Apresenta\u00e7\u00f5es de n\u00fameros circenses dos palha\u00e7os da escola do Circo da Dona Bilica!<\/p>\n<p style=\"text-align: center;\">\n<p>Pipoca!<\/p>\n<p style=\"text-align: center;\">\n<p>Bolo!<\/p>\n<p style=\"text-align: center;\">\n<p>E parab\u00e9ns para a Biblioteca Livre do Campeche!<\/p>\n<p style=\"text-align: center;\">\n<p>Traga uma comida e sua alegria para compartilhar!<\/p>\n<p style=\"text-align: center;\"><a href=\"http:\/\/bilica.org.br\/wp-content\/uploads\/2015\/09\/Calopsita.jpg\"><img loading=\"lazy\" decoding=\"async\" class=\"alignnone size-full wp-image-534\" src=\"http:\/\/bilica.org.br\/wp-content\/uploads\/2015\/09\/Calopsita.jpg\" alt=\"Calopsita\" width=\"241\" height=\"243\" srcset=\"https:\/\/bilica.org.br\/wp-content\/uploads\/2015\/09\/Calopsita.jpg 241w, https:\/\/bilica.org.br\/wp-content\/uploads\/2015\/09\/Calopsita-150x150.jpg 150w\" sizes=\"auto, (max-width: 241px) 100vw, 241px\" \/><\/a> <a href=\"http:\/\/bilica.org.br\/wp-content\/uploads\/2015\/09\/Chimbica.jpg\"><img loading=\"lazy\" decoding=\"async\" class=\"alignnone size-medium wp-image-535\" src=\"http:\/\/bilica.org.br\/wp-content\/uploads\/2015\/09\/Chimbica.jpg\" alt=\"Chimbica\" width=\"241\" height=\"241\" srcset=\"https:\/\/bilica.org.br\/wp-content\/uploads\/2015\/09\/Chimbica.jpg 241w, https:\/\/bilica.org.br\/wp-content\/uploads\/2015\/09\/Chimbica-150x150.jpg 150w\" sizes=\"auto, (max-width: 241px) 100vw, 241px\" \/><\/a> <a href=\"http:\/\/bilica.org.br\/wp-content\/uploads\/2015\/09\/Girasol.jpg\"><img loading=\"lazy\" decoding=\"async\" class=\"alignnone size-medium wp-image-536\" src=\"http:\/\/bilica.org.br\/wp-content\/uploads\/2015\/09\/Girasol.jpg\" alt=\"Girasol\" width=\"241\" height=\"241\" srcset=\"https:\/\/bilica.org.br\/wp-content\/uploads\/2015\/09\/Girasol.jpg 241w, https:\/\/bilica.org.br\/wp-content\/uploads\/2015\/09\/Girasol-150x150.jpg 150w\" sizes=\"auto, (max-width: 241px) 100vw, 241px\" \/><\/a><\/p>\n<p style=\"text-align: center;\"><a href=\"http:\/\/bilica.org.br\/wp-content\/uploads\/2015\/09\/Luca-Tua.jpg\"><img loading=\"lazy\" decoding=\"async\" class=\"alignnone size-medium wp-image-537\" src=\"http:\/\/bilica.org.br\/wp-content\/uploads\/2015\/09\/Luca-Tua.jpg\" alt=\"Luca Tua\" width=\"241\" height=\"241\" srcset=\"https:\/\/bilica.org.br\/wp-content\/uploads\/2015\/09\/Luca-Tua.jpg 241w, https:\/\/bilica.org.br\/wp-content\/uploads\/2015\/09\/Luca-Tua-150x150.jpg 150w\" sizes=\"auto, (max-width: 241px) 100vw, 241px\" \/><\/a> <a href=\"http:\/\/bilica.org.br\/wp-content\/uploads\/2015\/09\/Ursa-Maior.jpg\"><img loading=\"lazy\" decoding=\"async\" class=\"alignnone size-medium wp-image-538\" src=\"http:\/\/bilica.org.br\/wp-content\/uploads\/2015\/09\/Ursa-Maior.jpg\" alt=\"Ursa Maior\" width=\"241\" height=\"241\" srcset=\"https:\/\/bilica.org.br\/wp-content\/uploads\/2015\/09\/Ursa-Maior.jpg 241w, https:\/\/bilica.org.br\/wp-content\/uploads\/2015\/09\/Ursa-Maior-150x150.jpg 150w\" sizes=\"auto, (max-width: 241px) 100vw, 241px\" \/><\/a><\/p>\n","protected":false},"excerpt":{"rendered":"<p>Anivers\u00e1rio da Biblioteca Livre do Campeche Neste s\u00e1bado dia 19 de setembro! A partir das 16 horas. &nbsp; Vai ter muita divers\u00e3o! Apresenta\u00e7\u00f5es de n\u00fameros circenses dos palha\u00e7os da escola do Circo da Dona Bilica! Pipoca! Bolo! E parab\u00e9ns para a Biblioteca Livre do Campeche! Traga uma comida e sua alegria para compartilhar!<\/p>\n","protected":false},"author":4,"featured_media":0,"comment_status":"open","ping_status":"open","sticky":false,"template":"","format":"standard","meta":{"footnotes":""},"categories":[1],"tags":[],"class_list":["post-533","post","type-post","status-publish","format-standard","hentry","category-sem-categoria"],"_links":{"self":[{"href":"https:\/\/bilica.org.br\/index.php?rest_route=\/wp\/v2\/posts\/533","targetHints":{"allow":["GET"]}}],"collection":[{"href":"https:\/\/bilica.org.br\/index.php?rest_route=\/wp\/v2\/posts"}],"about":[{"href":"https:\/\/bilica.org.br\/index.php?rest_route=\/wp\/v2\/types\/post"}],"author":[{"embeddable":true,"href":"https:\/\/bilica.org.br\/index.php?rest_route=\/wp\/v2\/users\/4"}],"replies":[{"embeddable":true,"href":"https:\/\/bilica.org.br\/index.php?rest_route=%2Fwp%2Fv2%2Fcomments&post=533"}],"version-history":[{"count":1,"href":"https:\/\/bilica.org.br\/index.php?rest_route=\/wp\/v2\/posts\/533\/revisions"}],"predecessor-version":[{"id":539,"href":"https:\/\/bilica.org.br\/index.php?rest_route=\/wp\/v2\/posts\/533\/revisions\/539"}],"wp:attachment":[{"href":"https:\/\/bilica.org.br\/index.php?rest_route=%2Fwp%2Fv2%2Fmedia&parent=533"}],"wp:term":[{"taxonomy":"category","embeddable":true,"href":"https:\/\/bilica.org.br\/index.php?rest_route=%2Fwp%2Fv2%2Fcategories&post=533"},{"taxonomy":"post_tag","embeddable":true,"href":"https:\/\/bilica.org.br\/index.php?rest_route=%2Fwp%2Fv2%2Ftags&post=533"}],"curies":[{"name":"wp","href":"https:\/\/api.w.org\/{rel}","templated":true}]}}