{"id":45,"date":"2014-07-29T17:29:01","date_gmt":"2014-07-29T17:29:01","guid":{"rendered":"http:\/\/bilica.org.br\/?p=45"},"modified":"2014-07-29T17:29:01","modified_gmt":"2014-07-29T17:29:01","slug":"projeto-contando-e-cantando-historias-acoes-culturais-na-biblioteca-livre-do-campeche","status":"publish","type":"post","link":"https:\/\/bilica.org.br\/?p=45","title":{"rendered":"Projeto: Contando e cantando hist\u00f3rias: a\u00e7\u00f5es culturais na Biblioteca Livre do Campeche"},"content":{"rendered":"<p style=\"text-align: center;\">\u00a0<strong>Apoio do Sistema Nacional de<\/strong><strong style=\"line-height: 1.5;\">Bibliotecas P\u00fablicas, da Funda\u00e7\u00e3o Bibliotecas Nacional e do Minist\u00e9rio da Cultura.<\/strong><\/p>\n<p>\u00a0A BILICA- Biblioteca Livre do Campeche &#8211; recebeu atrav\u00e9s do edital de sele\u00e7\u00e3o p\u00fablica n\u00ba 01\/2013\/snbp um pr\u00eamio de apoio \u00e0s bibliotecas comunit\u00e1rias e pontos de leitura \u2013 2013. O projeto contemplado: Contando e cantando hist\u00f3rias: a\u00e7\u00f5es culturais na Biblioteca Livre do Campeche, visa manter atividades culturais que a Biblioteca j\u00e1 vem realizando.<\/p>\n<p>As principais atividades consistem em a\u00e7\u00f5es culturais como conta\u00e7\u00e3o de hist\u00f3rias, sess\u00f5es de cinema, oficinas art\u00edsticas e musicais para dinamizar o espa\u00e7o da Biblioteca visando ampliar o p\u00fablico leitor e consolidar a BILICA como centro cultural na comunidade.<\/p>\n<p>Desde maio de 2014 a Bilica mant\u00e9m atrav\u00e9s deste projeto a oficina de canto-coral Giracoro, regido pela musicista e maestrina Ive Luna. A oficina acontece todas as 2\u00bafeiras das 18:30 \u00e0s 22:30. A mesma se divide em tr\u00eas momentos: ensaios espec\u00edficos de naipes, ensaios gerais e ensaios instrumentais. Uma vez por m\u00eas o grupo tamb\u00e9m realiza um ensaio dan\u00e7ante.<\/p>\n<p>Em junho, de 2014 o Giracoro, realizou uma seresta na comunidade do Pantano do Sul e tem j\u00e1 algumas sa\u00eddas e apresenta\u00e7\u00f5es marcadas para o in\u00edcio deste segundo semestre.<\/p>\n<p>A partir de agosto de 2014 iniciar\u00e3o atrav\u00e9s deste projeto, conta\u00e7\u00f5es de hist\u00f3rias e sess\u00f5es de cine clube mensais. Sempre no ultimo s\u00e1bado do m\u00eas, \u00e0s 16 horas.<\/p>\n<p>Ser\u00e3o tamb\u00e9m realizadas visitas e sess\u00f5es de hist\u00f3rias agendadas na Biblioteca para os alunos da escola &#8211; EEB Janu\u00e1ria Teixeira da Rocha \u2013 que fica aqui na comunidade do Campeche.<\/p>\n<p>As sess\u00f5es de cineclube contar\u00e3o com curtas metragens da Mostra de Cinema Infantil de Florian\u00f3polis, mais uma parceira da Bilica.<\/p>\n<p><img loading=\"lazy\" decoding=\"async\" class=\"alignright\" src=\"http:\/\/snbp.bn.br\/wp-content\/arquivos\/2013\/09\/SNBP-FBN-e-MinC-760x47.png\" alt=\"\" width=\"760\" height=\"47\" \/><\/p>\n","protected":false},"excerpt":{"rendered":"<p>\u00a0Apoio do Sistema Nacional deBibliotecas P\u00fablicas, da Funda\u00e7\u00e3o Bibliotecas Nacional e do Minist\u00e9rio da Cultura. \u00a0A BILICA- Biblioteca Livre do Campeche &#8211; recebeu atrav\u00e9s do edital de sele\u00e7\u00e3o p\u00fablica n\u00ba 01\/2013\/snbp um pr\u00eamio de apoio \u00e0s bibliotecas comunit\u00e1rias e pontos de leitura \u2013 2013. O projeto contemplado: Contando e cantando hist\u00f3rias: a\u00e7\u00f5es culturais na Biblioteca &hellip; <a href=\"https:\/\/bilica.org.br\/?p=45\" class=\"more-link\">Continue lendo <span class=\"screen-reader-text\">Projeto: Contando e cantando hist\u00f3rias: a\u00e7\u00f5es culturais na Biblioteca Livre do Campeche<\/span> <span class=\"meta-nav\">&rarr;<\/span><\/a><\/p>\n","protected":false},"author":4,"featured_media":0,"comment_status":"open","ping_status":"open","sticky":false,"template":"","format":"standard","meta":{"footnotes":""},"categories":[1],"tags":[4,9],"class_list":["post-45","post","type-post","status-publish","format-standard","hentry","category-sem-categoria","tag-contacao-de-historias","tag-projetos"],"_links":{"self":[{"href":"https:\/\/bilica.org.br\/index.php?rest_route=\/wp\/v2\/posts\/45","targetHints":{"allow":["GET"]}}],"collection":[{"href":"https:\/\/bilica.org.br\/index.php?rest_route=\/wp\/v2\/posts"}],"about":[{"href":"https:\/\/bilica.org.br\/index.php?rest_route=\/wp\/v2\/types\/post"}],"author":[{"embeddable":true,"href":"https:\/\/bilica.org.br\/index.php?rest_route=\/wp\/v2\/users\/4"}],"replies":[{"embeddable":true,"href":"https:\/\/bilica.org.br\/index.php?rest_route=%2Fwp%2Fv2%2Fcomments&post=45"}],"version-history":[{"count":1,"href":"https:\/\/bilica.org.br\/index.php?rest_route=\/wp\/v2\/posts\/45\/revisions"}],"predecessor-version":[{"id":46,"href":"https:\/\/bilica.org.br\/index.php?rest_route=\/wp\/v2\/posts\/45\/revisions\/46"}],"wp:attachment":[{"href":"https:\/\/bilica.org.br\/index.php?rest_route=%2Fwp%2Fv2%2Fmedia&parent=45"}],"wp:term":[{"taxonomy":"category","embeddable":true,"href":"https:\/\/bilica.org.br\/index.php?rest_route=%2Fwp%2Fv2%2Fcategories&post=45"},{"taxonomy":"post_tag","embeddable":true,"href":"https:\/\/bilica.org.br\/index.php?rest_route=%2Fwp%2Fv2%2Ftags&post=45"}],"curies":[{"name":"wp","href":"https:\/\/api.w.org\/{rel}","templated":true}]}}