{"id":42,"date":"2014-07-28T15:46:28","date_gmt":"2014-07-28T15:46:28","guid":{"rendered":"http:\/\/bilica.org.br\/?p=42"},"modified":"2014-08-12T20:04:52","modified_gmt":"2014-08-12T20:04:52","slug":"7-aniversario-da-bilica","status":"publish","type":"post","link":"https:\/\/bilica.org.br\/?p=42","title":{"rendered":"7 anivers\u00e1rio da Bilica"},"content":{"rendered":"<p><a href=\"http:\/\/bilica.org.br\/wp-content\/uploads\/2014\/07\/cartaz-bilicaSITE.jpg\"><img loading=\"lazy\" decoding=\"async\" class=\"aligncenter wp-image-43 size-large\" src=\"http:\/\/bilica.org.br\/wp-content\/uploads\/2014\/07\/cartaz-bilicaSITE-1024x724.jpg\" alt=\"cartaz bilicaSITE\" width=\"474\" height=\"335\" srcset=\"https:\/\/bilica.org.br\/wp-content\/uploads\/2014\/07\/cartaz-bilicaSITE-1024x724.jpg 1024w, https:\/\/bilica.org.br\/wp-content\/uploads\/2014\/07\/cartaz-bilicaSITE-300x212.jpg 300w\" sizes=\"auto, (max-width: 474px) 100vw, 474px\" \/><\/a><\/p>\n<p>&nbsp;<\/p>\n<p>Festa de anivers\u00e1rio no dia 9 de agosto (s\u00e1bado) na Bilica. Contaremos com a participa\u00e7\u00e3o da <a href=\"http:\/\/ciamafagafos.wordpress.com\/\" target=\"_blank\">Cia. Mafagafos<\/a> na conta\u00e7\u00e3o de hist\u00f3rias, o Boi de Mam\u00e3o do <a href=\"http:\/\/www.arredaboi.org.br\/\" target=\"_blank\">Arreda Boi<\/a> da Barra da Lagoa e o canto do <a href=\"https:\/\/www.facebook.com\/giracoro.coro\" target=\"_blank\">Giracoro<\/a>. @s esperamos.<\/p>\n","protected":false},"excerpt":{"rendered":"<p>&nbsp; Festa de anivers\u00e1rio no dia 9 de agosto (s\u00e1bado) na Bilica. Contaremos com a participa\u00e7\u00e3o da Cia. Mafagafos na conta\u00e7\u00e3o de hist\u00f3rias, o Boi de Mam\u00e3o do Arreda Boi da Barra da Lagoa e o canto do Giracoro. @s esperamos.<\/p>\n","protected":false},"author":4,"featured_media":0,"comment_status":"open","ping_status":"open","sticky":false,"template":"","format":"standard","meta":{"footnotes":""},"categories":[1],"tags":[7,8],"class_list":["post-42","post","type-post","status-publish","format-standard","hentry","category-sem-categoria","tag-atividades","tag-festa"],"_links":{"self":[{"href":"https:\/\/bilica.org.br\/index.php?rest_route=\/wp\/v2\/posts\/42","targetHints":{"allow":["GET"]}}],"collection":[{"href":"https:\/\/bilica.org.br\/index.php?rest_route=\/wp\/v2\/posts"}],"about":[{"href":"https:\/\/bilica.org.br\/index.php?rest_route=\/wp\/v2\/types\/post"}],"author":[{"embeddable":true,"href":"https:\/\/bilica.org.br\/index.php?rest_route=\/wp\/v2\/users\/4"}],"replies":[{"embeddable":true,"href":"https:\/\/bilica.org.br\/index.php?rest_route=%2Fwp%2Fv2%2Fcomments&post=42"}],"version-history":[{"count":1,"href":"https:\/\/bilica.org.br\/index.php?rest_route=\/wp\/v2\/posts\/42\/revisions"}],"predecessor-version":[{"id":44,"href":"https:\/\/bilica.org.br\/index.php?rest_route=\/wp\/v2\/posts\/42\/revisions\/44"}],"wp:attachment":[{"href":"https:\/\/bilica.org.br\/index.php?rest_route=%2Fwp%2Fv2%2Fmedia&parent=42"}],"wp:term":[{"taxonomy":"category","embeddable":true,"href":"https:\/\/bilica.org.br\/index.php?rest_route=%2Fwp%2Fv2%2Fcategories&post=42"},{"taxonomy":"post_tag","embeddable":true,"href":"https:\/\/bilica.org.br\/index.php?rest_route=%2Fwp%2Fv2%2Ftags&post=42"}],"curies":[{"name":"wp","href":"https:\/\/api.w.org\/{rel}","templated":true}]}}