{"id":273,"date":"2014-10-29T19:36:31","date_gmt":"2014-10-29T19:36:31","guid":{"rendered":"http:\/\/bilica.org.br\/?p=273"},"modified":"2014-10-29T19:36:31","modified_gmt":"2014-10-29T19:36:31","slug":"dimi-camorlinga-na-escola-basica-januaria-teixeira-da-rocha","status":"publish","type":"post","link":"https:\/\/bilica.org.br\/?p=273","title":{"rendered":"Dimi Camorlinga na Escola B\u00e1sica Janu\u00e1ria Teixeira da Rocha"},"content":{"rendered":"<p>No dia 29 de outubro Dimi esteve contando hist\u00f3rias de bichos para a 3a fase da Escola B\u00e1sica Janu\u00e1ria Teixeira da Rocha, no Campeche. Esta atividade \u00e9 parte do projeto da BILICA que foi contemplado no \u00a0pr\u00eamio de apoio \u00e0s bibliotecas comunit\u00e1rias e pontos de leitura do Sistema Nacional de Bibliotecas P\u00fablicas, da Funda\u00e7\u00e3o Bibliotecas Nacional e do Minist\u00e9rio da Cultura.<\/p>\n<div id='gallery-1' class='gallery galleryid-273 gallery-columns-3 gallery-size-thumbnail'><figure class='gallery-item'>\n\t\t\t<div class='gallery-icon landscape'>\n\t\t\t\t<a href='https:\/\/bilica.org.br\/?attachment_id=274'><img loading=\"lazy\" decoding=\"async\" width=\"150\" height=\"150\" src=\"https:\/\/bilica.org.br\/wp-content\/uploads\/2014\/10\/IMG_6096-150x150.jpg\" class=\"attachment-thumbnail size-thumbnail\" alt=\"\" \/><\/a>\n\t\t\t<\/div><\/figure><figure class='gallery-item'>\n\t\t\t<div class='gallery-icon landscape'>\n\t\t\t\t<a href='https:\/\/bilica.org.br\/?attachment_id=275'><img loading=\"lazy\" decoding=\"async\" width=\"150\" height=\"150\" src=\"https:\/\/bilica.org.br\/wp-content\/uploads\/2014\/10\/IMG_6099-150x150.jpg\" class=\"attachment-thumbnail size-thumbnail\" alt=\"\" \/><\/a>\n\t\t\t<\/div><\/figure><figure class='gallery-item'>\n\t\t\t<div class='gallery-icon landscape'>\n\t\t\t\t<a href='https:\/\/bilica.org.br\/?attachment_id=276'><img loading=\"lazy\" decoding=\"async\" width=\"150\" height=\"150\" src=\"https:\/\/bilica.org.br\/wp-content\/uploads\/2014\/10\/IMG_6101-150x150.jpg\" class=\"attachment-thumbnail size-thumbnail\" alt=\"\" \/><\/a>\n\t\t\t<\/div><\/figure><figure class='gallery-item'>\n\t\t\t<div class='gallery-icon landscape'>\n\t\t\t\t<a href='https:\/\/bilica.org.br\/?attachment_id=277'><img loading=\"lazy\" decoding=\"async\" width=\"150\" height=\"150\" src=\"https:\/\/bilica.org.br\/wp-content\/uploads\/2014\/10\/IMG_6102-150x150.jpg\" class=\"attachment-thumbnail size-thumbnail\" alt=\"\" \/><\/a>\n\t\t\t<\/div><\/figure><figure class='gallery-item'>\n\t\t\t<div class='gallery-icon landscape'>\n\t\t\t\t<a href='https:\/\/bilica.org.br\/?attachment_id=278'><img loading=\"lazy\" decoding=\"async\" width=\"150\" height=\"150\" src=\"https:\/\/bilica.org.br\/wp-content\/uploads\/2014\/10\/IMG_6103-150x150.jpg\" class=\"attachment-thumbnail size-thumbnail\" alt=\"\" \/><\/a>\n\t\t\t<\/div><\/figure><figure class='gallery-item'>\n\t\t\t<div class='gallery-icon portrait'>\n\t\t\t\t<a href='https:\/\/bilica.org.br\/?attachment_id=279'><img loading=\"lazy\" decoding=\"async\" width=\"150\" height=\"150\" src=\"https:\/\/bilica.org.br\/wp-content\/uploads\/2014\/10\/IMG_6104-150x150.jpg\" class=\"attachment-thumbnail size-thumbnail\" alt=\"\" \/><\/a>\n\t\t\t<\/div><\/figure><figure class='gallery-item'>\n\t\t\t<div class='gallery-icon landscape'>\n\t\t\t\t<a href='https:\/\/bilica.org.br\/?attachment_id=280'><img loading=\"lazy\" decoding=\"async\" width=\"150\" height=\"150\" src=\"https:\/\/bilica.org.br\/wp-content\/uploads\/2014\/10\/IMG_6106-150x150.jpg\" class=\"attachment-thumbnail size-thumbnail\" alt=\"\" \/><\/a>\n\t\t\t<\/div><\/figure><figure class='gallery-item'>\n\t\t\t<div class='gallery-icon portrait'>\n\t\t\t\t<a href='https:\/\/bilica.org.br\/?attachment_id=281'><img loading=\"lazy\" decoding=\"async\" width=\"150\" height=\"150\" src=\"https:\/\/bilica.org.br\/wp-content\/uploads\/2014\/10\/IMG_6108-150x150.jpg\" class=\"attachment-thumbnail size-thumbnail\" alt=\"\" \/><\/a>\n\t\t\t<\/div><\/figure><figure class='gallery-item'>\n\t\t\t<div class='gallery-icon landscape'>\n\t\t\t\t<a href='https:\/\/bilica.org.br\/?attachment_id=282'><img loading=\"lazy\" decoding=\"async\" width=\"150\" height=\"150\" src=\"https:\/\/bilica.org.br\/wp-content\/uploads\/2014\/10\/IMG_6110-150x150.jpg\" class=\"attachment-thumbnail size-thumbnail\" alt=\"\" \/><\/a>\n\t\t\t<\/div><\/figure><figure class='gallery-item'>\n\t\t\t<div class='gallery-icon landscape'>\n\t\t\t\t<a href='https:\/\/bilica.org.br\/?attachment_id=283'><img loading=\"lazy\" decoding=\"async\" width=\"150\" height=\"150\" src=\"https:\/\/bilica.org.br\/wp-content\/uploads\/2014\/10\/IMG_6112-150x150.jpg\" class=\"attachment-thumbnail size-thumbnail\" alt=\"\" \/><\/a>\n\t\t\t<\/div><\/figure><figure class='gallery-item'>\n\t\t\t<div class='gallery-icon portrait'>\n\t\t\t\t<a href='https:\/\/bilica.org.br\/?attachment_id=284'><img loading=\"lazy\" decoding=\"async\" width=\"150\" height=\"150\" src=\"https:\/\/bilica.org.br\/wp-content\/uploads\/2014\/10\/IMG_6116-150x150.jpg\" class=\"attachment-thumbnail size-thumbnail\" alt=\"\" \/><\/a>\n\t\t\t<\/div><\/figure><figure class='gallery-item'>\n\t\t\t<div class='gallery-icon landscape'>\n\t\t\t\t<a href='https:\/\/bilica.org.br\/?attachment_id=285'><img loading=\"lazy\" decoding=\"async\" width=\"150\" height=\"150\" src=\"https:\/\/bilica.org.br\/wp-content\/uploads\/2014\/10\/IMG_6117-150x150.jpg\" class=\"attachment-thumbnail size-thumbnail\" alt=\"\" \/><\/a>\n\t\t\t<\/div><\/figure><figure class='gallery-item'>\n\t\t\t<div class='gallery-icon landscape'>\n\t\t\t\t<a href='https:\/\/bilica.org.br\/?attachment_id=286'><img loading=\"lazy\" decoding=\"async\" width=\"150\" height=\"150\" src=\"https:\/\/bilica.org.br\/wp-content\/uploads\/2014\/10\/IMG_6119-150x150.jpg\" class=\"attachment-thumbnail size-thumbnail\" alt=\"\" \/><\/a>\n\t\t\t<\/div><\/figure><figure class='gallery-item'>\n\t\t\t<div class='gallery-icon landscape'>\n\t\t\t\t<a href='https:\/\/bilica.org.br\/?attachment_id=287'><img loading=\"lazy\" decoding=\"async\" width=\"150\" height=\"150\" src=\"https:\/\/bilica.org.br\/wp-content\/uploads\/2014\/10\/IMG_6121-150x150.jpg\" class=\"attachment-thumbnail size-thumbnail\" alt=\"\" \/><\/a>\n\t\t\t<\/div><\/figure><figure class='gallery-item'>\n\t\t\t<div class='gallery-icon landscape'>\n\t\t\t\t<a href='https:\/\/bilica.org.br\/?attachment_id=288'><img loading=\"lazy\" decoding=\"async\" width=\"150\" height=\"150\" src=\"https:\/\/bilica.org.br\/wp-content\/uploads\/2014\/10\/IMG_6125-150x150.jpg\" class=\"attachment-thumbnail size-thumbnail\" alt=\"\" \/><\/a>\n\t\t\t<\/div><\/figure><figure class='gallery-item'>\n\t\t\t<div class='gallery-icon landscape'>\n\t\t\t\t<a href='https:\/\/bilica.org.br\/?attachment_id=289'><img loading=\"lazy\" decoding=\"async\" width=\"150\" height=\"150\" src=\"https:\/\/bilica.org.br\/wp-content\/uploads\/2014\/10\/IMG_6126-150x150.jpg\" class=\"attachment-thumbnail size-thumbnail\" alt=\"\" \/><\/a>\n\t\t\t<\/div><\/figure><figure class='gallery-item'>\n\t\t\t<div class='gallery-icon landscape'>\n\t\t\t\t<a href='https:\/\/bilica.org.br\/?attachment_id=290'><img loading=\"lazy\" decoding=\"async\" width=\"150\" height=\"150\" src=\"https:\/\/bilica.org.br\/wp-content\/uploads\/2014\/10\/IMG_6129-150x150.jpg\" class=\"attachment-thumbnail size-thumbnail\" alt=\"\" \/><\/a>\n\t\t\t<\/div><\/figure><figure class='gallery-item'>\n\t\t\t<div class='gallery-icon landscape'>\n\t\t\t\t<a href='https:\/\/bilica.org.br\/?attachment_id=291'><img loading=\"lazy\" decoding=\"async\" width=\"150\" height=\"150\" src=\"https:\/\/bilica.org.br\/wp-content\/uploads\/2014\/10\/IMG_6130-150x150.jpg\" class=\"attachment-thumbnail size-thumbnail\" alt=\"\" \/><\/a>\n\t\t\t<\/div><\/figure><figure class='gallery-item'>\n\t\t\t<div class='gallery-icon landscape'>\n\t\t\t\t<a href='https:\/\/bilica.org.br\/?attachment_id=292'><img loading=\"lazy\" decoding=\"async\" width=\"150\" height=\"150\" src=\"https:\/\/bilica.org.br\/wp-content\/uploads\/2014\/10\/IMG_6139-150x150.jpg\" class=\"attachment-thumbnail size-thumbnail\" alt=\"\" \/><\/a>\n\t\t\t<\/div><\/figure><figure class='gallery-item'>\n\t\t\t<div class='gallery-icon landscape'>\n\t\t\t\t<a href='https:\/\/bilica.org.br\/?attachment_id=293'><img loading=\"lazy\" decoding=\"async\" width=\"150\" height=\"150\" src=\"https:\/\/bilica.org.br\/wp-content\/uploads\/2014\/10\/IMG_6141-150x150.jpg\" class=\"attachment-thumbnail size-thumbnail\" alt=\"\" \/><\/a>\n\t\t\t<\/div><\/figure><figure class='gallery-item'>\n\t\t\t<div class='gallery-icon landscape'>\n\t\t\t\t<a href='https:\/\/bilica.org.br\/?attachment_id=294'><img loading=\"lazy\" decoding=\"async\" width=\"150\" height=\"150\" src=\"https:\/\/bilica.org.br\/wp-content\/uploads\/2014\/10\/IMG_6144-150x150.jpg\" class=\"attachment-thumbnail size-thumbnail\" alt=\"\" \/><\/a>\n\t\t\t<\/div><\/figure><figure class='gallery-item'>\n\t\t\t<div class='gallery-icon portrait'>\n\t\t\t\t<a href='https:\/\/bilica.org.br\/?attachment_id=295'><img loading=\"lazy\" decoding=\"async\" width=\"150\" height=\"150\" src=\"https:\/\/bilica.org.br\/wp-content\/uploads\/2014\/10\/IMG_6146-150x150.jpg\" class=\"attachment-thumbnail size-thumbnail\" alt=\"\" \/><\/a>\n\t\t\t<\/div><\/figure><figure class='gallery-item'>\n\t\t\t<div class='gallery-icon portrait'>\n\t\t\t\t<a href='https:\/\/bilica.org.br\/?attachment_id=296'><img loading=\"lazy\" decoding=\"async\" width=\"150\" height=\"150\" src=\"https:\/\/bilica.org.br\/wp-content\/uploads\/2014\/10\/IMG_6147-150x150.jpg\" class=\"attachment-thumbnail size-thumbnail\" alt=\"\" \/><\/a>\n\t\t\t<\/div><\/figure><figure class='gallery-item'>\n\t\t\t<div class='gallery-icon landscape'>\n\t\t\t\t<a href='https:\/\/bilica.org.br\/?attachment_id=297'><img loading=\"lazy\" decoding=\"async\" width=\"150\" height=\"150\" src=\"https:\/\/bilica.org.br\/wp-content\/uploads\/2014\/10\/IMG_6149-150x150.jpg\" class=\"attachment-thumbnail size-thumbnail\" alt=\"\" \/><\/a>\n\t\t\t<\/div><\/figure>\n\t\t<\/div>\n\n","protected":false},"excerpt":{"rendered":"<p>No dia 29 de outubro Dimi esteve contando hist\u00f3rias de bichos para a 3a fase da Escola B\u00e1sica Janu\u00e1ria Teixeira da Rocha, no Campeche. Esta atividade \u00e9 parte do projeto da BILICA que foi contemplado no \u00a0pr\u00eamio de apoio \u00e0s bibliotecas comunit\u00e1rias e pontos de leitura do Sistema Nacional de Bibliotecas P\u00fablicas, da Funda\u00e7\u00e3o Bibliotecas &hellip; <a href=\"https:\/\/bilica.org.br\/?p=273\" class=\"more-link\">Continue lendo <span class=\"screen-reader-text\">Dimi Camorlinga na Escola B\u00e1sica Janu\u00e1ria Teixeira da Rocha<\/span> <span class=\"meta-nav\">&rarr;<\/span><\/a><\/p>\n","protected":false},"author":4,"featured_media":274,"comment_status":"open","ping_status":"open","sticky":false,"template":"","format":"image","meta":{"footnotes":""},"categories":[1],"tags":[4,15],"class_list":["post-273","post","type-post","status-publish","format-image","has-post-thumbnail","hentry","category-sem-categoria","tag-contacao-de-historias","tag-projeto-bibliotecas-publicas","post_format-post-format-image"],"_links":{"self":[{"href":"https:\/\/bilica.org.br\/index.php?rest_route=\/wp\/v2\/posts\/273","targetHints":{"allow":["GET"]}}],"collection":[{"href":"https:\/\/bilica.org.br\/index.php?rest_route=\/wp\/v2\/posts"}],"about":[{"href":"https:\/\/bilica.org.br\/index.php?rest_route=\/wp\/v2\/types\/post"}],"author":[{"embeddable":true,"href":"https:\/\/bilica.org.br\/index.php?rest_route=\/wp\/v2\/users\/4"}],"replies":[{"embeddable":true,"href":"https:\/\/bilica.org.br\/index.php?rest_route=%2Fwp%2Fv2%2Fcomments&post=273"}],"version-history":[{"count":1,"href":"https:\/\/bilica.org.br\/index.php?rest_route=\/wp\/v2\/posts\/273\/revisions"}],"predecessor-version":[{"id":298,"href":"https:\/\/bilica.org.br\/index.php?rest_route=\/wp\/v2\/posts\/273\/revisions\/298"}],"wp:featuredmedia":[{"embeddable":true,"href":"https:\/\/bilica.org.br\/index.php?rest_route=\/wp\/v2\/media\/274"}],"wp:attachment":[{"href":"https:\/\/bilica.org.br\/index.php?rest_route=%2Fwp%2Fv2%2Fmedia&parent=273"}],"wp:term":[{"taxonomy":"category","embeddable":true,"href":"https:\/\/bilica.org.br\/index.php?rest_route=%2Fwp%2Fv2%2Fcategories&post=273"},{"taxonomy":"post_tag","embeddable":true,"href":"https:\/\/bilica.org.br\/index.php?rest_route=%2Fwp%2Fv2%2Ftags&post=273"}],"curies":[{"name":"wp","href":"https:\/\/api.w.org\/{rel}","templated":true}]}}