{"id":129,"date":"2014-09-02T23:48:20","date_gmt":"2014-09-02T23:48:20","guid":{"rendered":"http:\/\/bilica.org.br\/?p=129"},"modified":"2014-09-16T23:08:42","modified_gmt":"2014-09-16T23:08:42","slug":"oficina-de-dancas-brasileiras","status":"publish","type":"post","link":"https:\/\/bilica.org.br\/?p=129","title":{"rendered":"Oficina de Dan\u00e7as Brasileiras"},"content":{"rendered":"<p style=\"text-align: center;\"><strong>OFICINA DE DAN\u00c7AS BRASILEIRAS<\/strong><\/p>\n<p>No s\u00e1bado <span style=\"color: #008000;\"><strong>13 de setembro as 17h<\/strong><\/span> teremos uma oficina de Dan\u00e7as Brasileiras com Sarah Massignan e Andr\u00e9 Farias.<\/p>\n<p><span style=\"color: #000000;\">Na oficina se ensina dan\u00e7as populares com m\u00fasica ao vivo realizada por um professor de percuss\u00e3o. Os ritmos trabalhados s\u00e3o de origem bantu (etnia africana) e as dan\u00e7as apresentadas aos participantes s\u00e3o da cultura popular Afro-brasileira, como o Afox\u00e9 e o samba de roda. As etapas da oficina s\u00e3o: 1- aquecimento corporal e vocal, com brincadeiras da cultura popular; 2- did\u00e1tica corporal dos ritmos trabalhados; 3- viv\u00eancia em roda das manifesta\u00e7\u00f5es apresentadas.<\/span><\/p>\n<p><span style=\"color: #7c7c7c;\"><a href=\"http:\/\/bilica.org.br\/wp-content\/uploads\/2014\/09\/10562942_509186839212334_2119240383306203882_n.jpg\"><img loading=\"lazy\" decoding=\"async\" class=\"alignright wp-image-130 size-medium\" src=\"http:\/\/bilica.org.br\/wp-content\/uploads\/2014\/09\/10562942_509186839212334_2119240383306203882_n-194x300.jpg\" alt=\"10562942_509186839212334_2119240383306203882_n\" width=\"194\" height=\"300\" srcset=\"https:\/\/bilica.org.br\/wp-content\/uploads\/2014\/09\/10562942_509186839212334_2119240383306203882_n-194x300.jpg 194w, https:\/\/bilica.org.br\/wp-content\/uploads\/2014\/09\/10562942_509186839212334_2119240383306203882_n.jpg 342w\" sizes=\"auto, (max-width: 194px) 100vw, 194px\" \/><\/a><span style=\"color: #000000;\">Sarah \u00e9 Dan\u00e7aterapeuta formada pelo Centro Internacional de Dan\u00e7aterapia Maria Fux (reconhecido pela UNESCO).\u00a0Estudou dan\u00e7as africanas com Fanta Konate (Guin\u00e9 Konakri) e Modou Diatta (Senegal) aprofundando sua pesquisa sobre a cultura popular afro-brasileira e suas ra\u00edzes.\u00a0Atualmente ministra aulas na CED de Dan\u00e7aterapia, Dan\u00e7as Populares Afro-Brasileiras e a\u00a0Dan\u00e7a \u00cdmpar Power.<\/span><\/span><\/p>\n<p><span style=\"color: #000000;\"><img loading=\"lazy\" decoding=\"async\" class=\"alignleft wp-image-131 size-medium\" src=\"http:\/\/bilica.org.br\/wp-content\/uploads\/2014\/09\/379219_594570510556330_1694980680_n-179x300.jpg\" alt=\"379219_594570510556330_1694980680_n\" width=\"179\" height=\"300\" srcset=\"https:\/\/bilica.org.br\/wp-content\/uploads\/2014\/09\/379219_594570510556330_1694980680_n-179x300.jpg 179w, https:\/\/bilica.org.br\/wp-content\/uploads\/2014\/09\/379219_594570510556330_1694980680_n.jpg 405w\" sizes=\"auto, (max-width: 179px) 100vw, 179px\" \/>Andr\u00e9 \u00e9 o idealizador, pesquisador e educador do \u201cOficina do Ritmo\u201d que \u00e9 um centro de pesquisa e ensino do ritmo nas suas mais variadas formas de express\u00e3o. Com uma metodologia pr\u00f3pria, fundamenta-se nos pilares da cultura popular afro-ind\u00edgena-brasileira e na ideia das multidimens\u00f5es do ritmo, possibilitando a interconex\u00e3o entre elas. Possui ampla experi\u00eancia tanto tocando em diversos espa\u00e7os quanto ministrando oficinas e \u00e9 integrante do Afox\u00e9 Amigos de Katend\u00ea e da Associa\u00e7\u00e3o de Capoeira Angola Angoleiro Sim Sinh\u00f4.<\/span><\/p>\n<p><span style=\"color: #000000;\">Esta oficina \u00e9 realizada com o apoio do\u00a0programa de extens\u00e3o N\u00facleos Comunit\u00e1rios de Cultura do CEART &#8211; UDESC.<\/span><\/p>\n","protected":false},"excerpt":{"rendered":"<p>OFICINA DE DAN\u00c7AS BRASILEIRAS No s\u00e1bado 13 de setembro as 17h teremos uma oficina de Dan\u00e7as Brasileiras com Sarah Massignan e Andr\u00e9 Farias. Na oficina se ensina dan\u00e7as populares com m\u00fasica ao vivo realizada por um professor de percuss\u00e3o. Os ritmos trabalhados s\u00e3o de origem bantu (etnia africana) e as dan\u00e7as apresentadas aos participantes s\u00e3o &hellip; <a href=\"https:\/\/bilica.org.br\/?p=129\" class=\"more-link\">Continue lendo <span class=\"screen-reader-text\">Oficina de Dan\u00e7as Brasileiras<\/span> <span class=\"meta-nav\">&rarr;<\/span><\/a><\/p>\n","protected":false},"author":4,"featured_media":0,"comment_status":"open","ping_status":"open","sticky":false,"template":"","format":"standard","meta":{"footnotes":""},"categories":[1],"tags":[],"class_list":["post-129","post","type-post","status-publish","format-standard","hentry","category-sem-categoria"],"_links":{"self":[{"href":"https:\/\/bilica.org.br\/index.php?rest_route=\/wp\/v2\/posts\/129","targetHints":{"allow":["GET"]}}],"collection":[{"href":"https:\/\/bilica.org.br\/index.php?rest_route=\/wp\/v2\/posts"}],"about":[{"href":"https:\/\/bilica.org.br\/index.php?rest_route=\/wp\/v2\/types\/post"}],"author":[{"embeddable":true,"href":"https:\/\/bilica.org.br\/index.php?rest_route=\/wp\/v2\/users\/4"}],"replies":[{"embeddable":true,"href":"https:\/\/bilica.org.br\/index.php?rest_route=%2Fwp%2Fv2%2Fcomments&post=129"}],"version-history":[{"count":7,"href":"https:\/\/bilica.org.br\/index.php?rest_route=\/wp\/v2\/posts\/129\/revisions"}],"predecessor-version":[{"id":139,"href":"https:\/\/bilica.org.br\/index.php?rest_route=\/wp\/v2\/posts\/129\/revisions\/139"}],"wp:attachment":[{"href":"https:\/\/bilica.org.br\/index.php?rest_route=%2Fwp%2Fv2%2Fmedia&parent=129"}],"wp:term":[{"taxonomy":"category","embeddable":true,"href":"https:\/\/bilica.org.br\/index.php?rest_route=%2Fwp%2Fv2%2Fcategories&post=129"},{"taxonomy":"post_tag","embeddable":true,"href":"https:\/\/bilica.org.br\/index.php?rest_route=%2Fwp%2Fv2%2Ftags&post=129"}],"curies":[{"name":"wp","href":"https:\/\/api.w.org\/{rel}","templated":true}]}}