{"id":1176,"date":"2022-02-05T13:12:40","date_gmt":"2022-02-05T16:12:40","guid":{"rendered":"http:\/\/bilica.org.br\/?p=1176"},"modified":"2022-02-05T13:12:40","modified_gmt":"2022-02-05T16:12:40","slug":"reabertura-da-bilica","status":"publish","type":"post","link":"https:\/\/bilica.org.br\/?p=1176","title":{"rendered":"Reabertura da Bilica!"},"content":{"rendered":"<p>A Bilica reabriu no final de 2021 e, depois das f\u00e9rias de janeiro, est\u00e1 com atendimento ao p\u00fablico funcionando novamente. Os dias e hor\u00e1rios de atendimento est\u00e3o na p\u00e1gina principal. Para seguran\u00e7a de todes, \u00e9 obrigat\u00f3rio o uso de m\u00e1scara para entrar na Bilica, bem como de \u00e1lcool em gel nas m\u00e3os. Tamb\u00e9m estamos limitando o n\u00famero de pessoas simultaneamente dentro da biblioteca, pois nosso espa\u00e7o \u00e9 pequeno.<\/p>\n<p>Importante: estamos sem o telefone na Bilica, ent\u00e3o, se precisar entrar em contato conosco, envie uma mensagem no nosso Instagram (@biblioteca_bilica) ou e-mail (bilicampeche@gmail.com).<\/p>\n<p>Sejam bem-vindes!<\/p>\n","protected":false},"excerpt":{"rendered":"<p>A Bilica reabriu no final de 2021 e, depois das f\u00e9rias de janeiro, est\u00e1 com atendimento ao p\u00fablico funcionando novamente. Os dias e hor\u00e1rios de atendimento est\u00e3o na p\u00e1gina principal. Para seguran\u00e7a de todes, \u00e9 obrigat\u00f3rio o uso de m\u00e1scara para entrar na Bilica, bem como de \u00e1lcool em gel nas m\u00e3os. Tamb\u00e9m estamos limitando &hellip; <a href=\"https:\/\/bilica.org.br\/?p=1176\" class=\"more-link\">Continue lendo <span class=\"screen-reader-text\">Reabertura da Bilica!<\/span> <span class=\"meta-nav\">&rarr;<\/span><\/a><\/p>\n","protected":false},"author":101015,"featured_media":0,"comment_status":"closed","ping_status":"open","sticky":false,"template":"","format":"aside","meta":{"footnotes":""},"categories":[1],"tags":[],"class_list":["post-1176","post","type-post","status-publish","format-aside","hentry","category-sem-categoria","post_format-post-format-aside"],"_links":{"self":[{"href":"https:\/\/bilica.org.br\/index.php?rest_route=\/wp\/v2\/posts\/1176","targetHints":{"allow":["GET"]}}],"collection":[{"href":"https:\/\/bilica.org.br\/index.php?rest_route=\/wp\/v2\/posts"}],"about":[{"href":"https:\/\/bilica.org.br\/index.php?rest_route=\/wp\/v2\/types\/post"}],"author":[{"embeddable":true,"href":"https:\/\/bilica.org.br\/index.php?rest_route=\/wp\/v2\/users\/101015"}],"replies":[{"embeddable":true,"href":"https:\/\/bilica.org.br\/index.php?rest_route=%2Fwp%2Fv2%2Fcomments&post=1176"}],"version-history":[{"count":1,"href":"https:\/\/bilica.org.br\/index.php?rest_route=\/wp\/v2\/posts\/1176\/revisions"}],"predecessor-version":[{"id":1177,"href":"https:\/\/bilica.org.br\/index.php?rest_route=\/wp\/v2\/posts\/1176\/revisions\/1177"}],"wp:attachment":[{"href":"https:\/\/bilica.org.br\/index.php?rest_route=%2Fwp%2Fv2%2Fmedia&parent=1176"}],"wp:term":[{"taxonomy":"category","embeddable":true,"href":"https:\/\/bilica.org.br\/index.php?rest_route=%2Fwp%2Fv2%2Fcategories&post=1176"},{"taxonomy":"post_tag","embeddable":true,"href":"https:\/\/bilica.org.br\/index.php?rest_route=%2Fwp%2Fv2%2Ftags&post=1176"}],"curies":[{"name":"wp","href":"https:\/\/api.w.org\/{rel}","templated":true}]}}