{"id":1138,"date":"2019-12-05T16:28:18","date_gmt":"2019-12-05T19:28:18","guid":{"rendered":"http:\/\/bilica.org.br\/?p=1138"},"modified":"2019-12-05T16:28:18","modified_gmt":"2019-12-05T19:28:18","slug":"encerramento-das-aulas-de-reforco-na-bilica-2019","status":"publish","type":"post","link":"https:\/\/bilica.org.br\/?p=1138","title":{"rendered":"Encerramento das aulas de refor\u00e7o na Bilica &#8211; 2019"},"content":{"rendered":"<p>Este ano a Bilica ofereceu, em parceria com a Escola Janu\u00e1ria (assim chamada carinhosamente pela nossa comunidade), refor\u00e7o escolar para as crian\u00e7as. Encerramos essa atividade com muitos sorrisos, na nossa Bilica.<\/p>\n<p><a href=\"http:\/\/bilica.org.br\/wp-content\/uploads\/2019\/12\/WhatsApp-Image-2019-12-05-at-10.04.19.jpeg\"><img loading=\"lazy\" decoding=\"async\" class=\"alignnone size-full wp-image-1139\" src=\"http:\/\/bilica.org.br\/wp-content\/uploads\/2019\/12\/WhatsApp-Image-2019-12-05-at-10.04.19.jpeg\" alt=\"\" width=\"1280\" height=\"960\" srcset=\"https:\/\/bilica.org.br\/wp-content\/uploads\/2019\/12\/WhatsApp-Image-2019-12-05-at-10.04.19.jpeg 1280w, https:\/\/bilica.org.br\/wp-content\/uploads\/2019\/12\/WhatsApp-Image-2019-12-05-at-10.04.19-300x225.jpeg 300w, https:\/\/bilica.org.br\/wp-content\/uploads\/2019\/12\/WhatsApp-Image-2019-12-05-at-10.04.19-768x576.jpeg 768w, https:\/\/bilica.org.br\/wp-content\/uploads\/2019\/12\/WhatsApp-Image-2019-12-05-at-10.04.19-1024x768.jpeg 1024w\" sizes=\"auto, (max-width: 1280px) 100vw, 1280px\" \/><\/a><\/p>\n<p><a href=\"http:\/\/bilica.org.br\/wp-content\/uploads\/2019\/12\/WhatsApp-Image-2019-12-04-at-12.42.43.jpeg\"><img loading=\"lazy\" decoding=\"async\" class=\"alignnone size-full wp-image-1140\" src=\"http:\/\/bilica.org.br\/wp-content\/uploads\/2019\/12\/WhatsApp-Image-2019-12-04-at-12.42.43.jpeg\" alt=\"\" width=\"1032\" height=\"774\" srcset=\"https:\/\/bilica.org.br\/wp-content\/uploads\/2019\/12\/WhatsApp-Image-2019-12-04-at-12.42.43.jpeg 1032w, https:\/\/bilica.org.br\/wp-content\/uploads\/2019\/12\/WhatsApp-Image-2019-12-04-at-12.42.43-300x225.jpeg 300w, https:\/\/bilica.org.br\/wp-content\/uploads\/2019\/12\/WhatsApp-Image-2019-12-04-at-12.42.43-768x576.jpeg 768w, https:\/\/bilica.org.br\/wp-content\/uploads\/2019\/12\/WhatsApp-Image-2019-12-04-at-12.42.43-1024x768.jpeg 1024w\" sizes=\"auto, (max-width: 1032px) 100vw, 1032px\" \/><\/a><\/p>\n","protected":false},"excerpt":{"rendered":"<p>Este ano a Bilica ofereceu, em parceria com a Escola Janu\u00e1ria (assim chamada carinhosamente pela nossa comunidade), refor\u00e7o escolar para as crian\u00e7as. Encerramos essa atividade com muitos sorrisos, na nossa Bilica.<\/p>\n","protected":false},"author":101015,"featured_media":0,"comment_status":"closed","ping_status":"open","sticky":false,"template":"","format":"standard","meta":{"footnotes":""},"categories":[1],"tags":[],"class_list":["post-1138","post","type-post","status-publish","format-standard","hentry","category-sem-categoria"],"_links":{"self":[{"href":"https:\/\/bilica.org.br\/index.php?rest_route=\/wp\/v2\/posts\/1138","targetHints":{"allow":["GET"]}}],"collection":[{"href":"https:\/\/bilica.org.br\/index.php?rest_route=\/wp\/v2\/posts"}],"about":[{"href":"https:\/\/bilica.org.br\/index.php?rest_route=\/wp\/v2\/types\/post"}],"author":[{"embeddable":true,"href":"https:\/\/bilica.org.br\/index.php?rest_route=\/wp\/v2\/users\/101015"}],"replies":[{"embeddable":true,"href":"https:\/\/bilica.org.br\/index.php?rest_route=%2Fwp%2Fv2%2Fcomments&post=1138"}],"version-history":[{"count":1,"href":"https:\/\/bilica.org.br\/index.php?rest_route=\/wp\/v2\/posts\/1138\/revisions"}],"predecessor-version":[{"id":1141,"href":"https:\/\/bilica.org.br\/index.php?rest_route=\/wp\/v2\/posts\/1138\/revisions\/1141"}],"wp:attachment":[{"href":"https:\/\/bilica.org.br\/index.php?rest_route=%2Fwp%2Fv2%2Fmedia&parent=1138"}],"wp:term":[{"taxonomy":"category","embeddable":true,"href":"https:\/\/bilica.org.br\/index.php?rest_route=%2Fwp%2Fv2%2Fcategories&post=1138"},{"taxonomy":"post_tag","embeddable":true,"href":"https:\/\/bilica.org.br\/index.php?rest_route=%2Fwp%2Fv2%2Ftags&post=1138"}],"curies":[{"name":"wp","href":"https:\/\/api.w.org\/{rel}","templated":true}]}}