{"id":107,"date":"2014-08-31T02:04:37","date_gmt":"2014-08-31T02:04:37","guid":{"rendered":"http:\/\/bilica.org.br\/?p=107"},"modified":"2014-08-31T22:35:27","modified_gmt":"2014-08-31T22:35:27","slug":"contacao-de-historias-com-sonia-velloso","status":"publish","type":"post","link":"https:\/\/bilica.org.br\/?p=107","title":{"rendered":"Conta\u00e7\u00e3o de hist\u00f3rias com S\u00f4nia Velloso"},"content":{"rendered":"<p><span style=\"color: #141823;\">\u00a0Como parte do projeto apoiado pelo Sistema Nacional de Bibliotecas P\u00fablicas (SNBP) e o Minist\u00e9rio da Cultura, a atriz S\u00f4nia Velloso esteve contando hist\u00f3rias com a turma do 5to ano da Escola Janu\u00e1ria Teixeira do Campeche (dia 27 de agosto)\u00a0<\/span>e em sess\u00e3o aberta \u00e0 comunidade (dia 30 de agosto) onde tamb\u00e9m assistimos alguns curtas da Mostra de Cinema Infantil.<\/p>\n<div id='gallery-1' class='gallery galleryid-107 gallery-columns-3 gallery-size-thumbnail'><figure class='gallery-item'>\n\t\t\t<div class='gallery-icon landscape'>\n\t\t\t\t<a href='https:\/\/bilica.org.br\/?attachment_id=122'><img loading=\"lazy\" decoding=\"async\" width=\"150\" height=\"150\" src=\"https:\/\/bilica.org.br\/wp-content\/uploads\/2014\/08\/IMG_5221-150x150.jpg\" class=\"attachment-thumbnail size-thumbnail\" alt=\"\" \/><\/a>\n\t\t\t<\/div><\/figure><figure class='gallery-item'>\n\t\t\t<div class='gallery-icon landscape'>\n\t\t\t\t<a href='https:\/\/bilica.org.br\/?attachment_id=123'><img loading=\"lazy\" decoding=\"async\" width=\"150\" height=\"150\" src=\"https:\/\/bilica.org.br\/wp-content\/uploads\/2014\/08\/IMG_5216-150x150.jpg\" class=\"attachment-thumbnail size-thumbnail\" alt=\"\" \/><\/a>\n\t\t\t<\/div><\/figure><figure class='gallery-item'>\n\t\t\t<div class='gallery-icon landscape'>\n\t\t\t\t<a href='https:\/\/bilica.org.br\/?attachment_id=124'><img loading=\"lazy\" decoding=\"async\" width=\"150\" height=\"150\" src=\"https:\/\/bilica.org.br\/wp-content\/uploads\/2014\/08\/IMG_5217-150x150.jpg\" class=\"attachment-thumbnail size-thumbnail\" alt=\"\" \/><\/a>\n\t\t\t<\/div><\/figure><figure class='gallery-item'>\n\t\t\t<div class='gallery-icon landscape'>\n\t\t\t\t<a href='https:\/\/bilica.org.br\/?attachment_id=125'><img loading=\"lazy\" decoding=\"async\" width=\"150\" height=\"150\" src=\"https:\/\/bilica.org.br\/wp-content\/uploads\/2014\/08\/IMG_5219-150x150.jpg\" class=\"attachment-thumbnail size-thumbnail\" alt=\"\" \/><\/a>\n\t\t\t<\/div><\/figure><figure class='gallery-item'>\n\t\t\t<div class='gallery-icon landscape'>\n\t\t\t\t<a href='https:\/\/bilica.org.br\/?attachment_id=111'><img loading=\"lazy\" decoding=\"async\" width=\"150\" height=\"150\" src=\"https:\/\/bilica.org.br\/wp-content\/uploads\/2014\/08\/IMG_5112-150x150.jpg\" class=\"attachment-thumbnail size-thumbnail\" alt=\"\" \/><\/a>\n\t\t\t<\/div><\/figure><figure class='gallery-item'>\n\t\t\t<div class='gallery-icon landscape'>\n\t\t\t\t<a href='https:\/\/bilica.org.br\/?attachment_id=110'><img loading=\"lazy\" decoding=\"async\" width=\"150\" height=\"150\" src=\"https:\/\/bilica.org.br\/wp-content\/uploads\/2014\/08\/IMG_5154-150x150.jpg\" class=\"attachment-thumbnail size-thumbnail\" alt=\"\" \/><\/a>\n\t\t\t<\/div><\/figure><figure class='gallery-item'>\n\t\t\t<div class='gallery-icon landscape'>\n\t\t\t\t<a href='https:\/\/bilica.org.br\/?attachment_id=109'><img loading=\"lazy\" decoding=\"async\" width=\"150\" height=\"150\" src=\"https:\/\/bilica.org.br\/wp-content\/uploads\/2014\/08\/IMG_5139-150x150.jpg\" class=\"attachment-thumbnail size-thumbnail\" alt=\"\" \/><\/a>\n\t\t\t<\/div><\/figure><figure class='gallery-item'>\n\t\t\t<div class='gallery-icon landscape'>\n\t\t\t\t<a href='https:\/\/bilica.org.br\/?attachment_id=108'><img loading=\"lazy\" decoding=\"async\" width=\"150\" height=\"150\" src=\"https:\/\/bilica.org.br\/wp-content\/uploads\/2014\/08\/IMG_5125-150x150.jpg\" class=\"attachment-thumbnail size-thumbnail\" alt=\"\" \/><\/a>\n\t\t\t<\/div><\/figure><figure class='gallery-item'>\n\t\t\t<div class='gallery-icon landscape'>\n\t\t\t\t<a href='https:\/\/bilica.org.br\/?attachment_id=104'><img loading=\"lazy\" decoding=\"async\" width=\"150\" height=\"150\" src=\"https:\/\/bilica.org.br\/wp-content\/uploads\/2014\/08\/sabado-cultural-150x150.jpg\" class=\"attachment-thumbnail size-thumbnail\" alt=\"\" \/><\/a>\n\t\t\t<\/div><\/figure>\n\t\t<\/div>\n\n<p>&nbsp;<\/p>\n","protected":false},"excerpt":{"rendered":"<p>\u00a0Como parte do projeto apoiado pelo Sistema Nacional de Bibliotecas P\u00fablicas (SNBP) e o Minist\u00e9rio da Cultura, a atriz S\u00f4nia Velloso esteve contando hist\u00f3rias com a turma do 5to ano da Escola Janu\u00e1ria Teixeira do Campeche (dia 27 de agosto)\u00a0e em sess\u00e3o aberta \u00e0 comunidade (dia 30 de agosto) onde tamb\u00e9m assistimos alguns curtas da &hellip; <a href=\"https:\/\/bilica.org.br\/?p=107\" class=\"more-link\">Continue lendo <span class=\"screen-reader-text\">Conta\u00e7\u00e3o de hist\u00f3rias com S\u00f4nia Velloso<\/span> <span class=\"meta-nav\">&rarr;<\/span><\/a><\/p>\n","protected":false},"author":4,"featured_media":0,"comment_status":"open","ping_status":"open","sticky":false,"template":"","format":"image","meta":{"footnotes":""},"categories":[1],"tags":[7,4,15],"class_list":["post-107","post","type-post","status-publish","format-image","hentry","category-sem-categoria","tag-atividades","tag-contacao-de-historias","tag-projeto-bibliotecas-publicas","post_format-post-format-image"],"_links":{"self":[{"href":"https:\/\/bilica.org.br\/index.php?rest_route=\/wp\/v2\/posts\/107","targetHints":{"allow":["GET"]}}],"collection":[{"href":"https:\/\/bilica.org.br\/index.php?rest_route=\/wp\/v2\/posts"}],"about":[{"href":"https:\/\/bilica.org.br\/index.php?rest_route=\/wp\/v2\/types\/post"}],"author":[{"embeddable":true,"href":"https:\/\/bilica.org.br\/index.php?rest_route=\/wp\/v2\/users\/4"}],"replies":[{"embeddable":true,"href":"https:\/\/bilica.org.br\/index.php?rest_route=%2Fwp%2Fv2%2Fcomments&post=107"}],"version-history":[{"count":4,"href":"https:\/\/bilica.org.br\/index.php?rest_route=\/wp\/v2\/posts\/107\/revisions"}],"predecessor-version":[{"id":126,"href":"https:\/\/bilica.org.br\/index.php?rest_route=\/wp\/v2\/posts\/107\/revisions\/126"}],"wp:attachment":[{"href":"https:\/\/bilica.org.br\/index.php?rest_route=%2Fwp%2Fv2%2Fmedia&parent=107"}],"wp:term":[{"taxonomy":"category","embeddable":true,"href":"https:\/\/bilica.org.br\/index.php?rest_route=%2Fwp%2Fv2%2Fcategories&post=107"},{"taxonomy":"post_tag","embeddable":true,"href":"https:\/\/bilica.org.br\/index.php?rest_route=%2Fwp%2Fv2%2Ftags&post=107"}],"curies":[{"name":"wp","href":"https:\/\/api.w.org\/{rel}","templated":true}]}}